{"id":3294,"date":"2019-06-19T18:20:58","date_gmt":"2019-06-19T16:20:58","guid":{"rendered":"https:\/\/ghamelet.com\/mindfulness\/?p=3294"},"modified":"2019-07-19T13:45:33","modified_gmt":"2019-07-19T11:45:33","slug":"un-colloque-organise-par-le-ministere-des-solidarites-et-de-la-sante","status":"publish","type":"post","link":"https:\/\/ghamelet.com\/mindfulness\/un-colloque-organise-par-le-ministere-des-solidarites-et-de-la-sante\/","title":{"rendered":"Un colloque organis\u00e9 par le Minist\u00e8re des Solidarit\u00e9s et de la Sant\u00e9"},"content":{"rendered":"<p><strong><img decoding=\"async\" class=\" wp-image-3401 alignleft\" src=\"https:\/\/ghamelet.com\/mindfulness\/wp-content\/uploads\/2019\/06\/Minist\u00e8re-de-la-sant\u00e9.png\" alt=\"\" width=\"318\" height=\"179\" srcset=\"https:\/\/ghamelet.com\/mindfulness\/wp-content\/uploads\/2019\/06\/Minist\u00e8re-de-la-sant\u00e9-200x113.png 200w, https:\/\/ghamelet.com\/mindfulness\/wp-content\/uploads\/2019\/06\/Minist\u00e8re-de-la-sant\u00e9-300x169.png 300w, https:\/\/ghamelet.com\/mindfulness\/wp-content\/uploads\/2019\/06\/Minist\u00e8re-de-la-sant\u00e9-400x225.png 400w, https:\/\/ghamelet.com\/mindfulness\/wp-content\/uploads\/2019\/06\/Minist\u00e8re-de-la-sant\u00e9-500x281.png 500w, https:\/\/ghamelet.com\/mindfulness\/wp-content\/uploads\/2019\/06\/Minist\u00e8re-de-la-sant\u00e9-600x338.png 600w, https:\/\/ghamelet.com\/mindfulness\/wp-content\/uploads\/2019\/06\/Minist\u00e8re-de-la-sant\u00e9.png 640w\" sizes=\"(max-width: 318px) 100vw, 318px\" \/><\/strong><\/p>\n<p><strong><img decoding=\"async\" class=\" wp-image-3439 alignnone\" src=\"https:\/\/ghamelet.com\/mindfulness\/wp-content\/uploads\/2019\/06\/coloque-20-juin-ministere-de-la-sante.png\" alt=\"\" width=\"384\" height=\"152\" srcset=\"https:\/\/ghamelet.com\/mindfulness\/wp-content\/uploads\/2019\/06\/coloque-20-juin-ministere-de-la-sante-200x79.png 200w, https:\/\/ghamelet.com\/mindfulness\/wp-content\/uploads\/2019\/06\/coloque-20-juin-ministere-de-la-sante-300x119.png 300w, https:\/\/ghamelet.com\/mindfulness\/wp-content\/uploads\/2019\/06\/coloque-20-juin-ministere-de-la-sante-400x158.png 400w, https:\/\/ghamelet.com\/mindfulness\/wp-content\/uploads\/2019\/06\/coloque-20-juin-ministere-de-la-sante.png 480w\" sizes=\"(max-width: 384px) 100vw, 384px\" \/><\/strong><\/p>\n<p>&nbsp;<\/p>\n<p><strong>I<\/strong><strong>NTERVENTIONS BAS\u00c9ES SUR LA PLEINE CONSCIENCE, SCIENCES, SANT\u00c9 ET SOCI\u00c9T\u00c9 : LEVER LES DOUTES, OUVRIR DES PERSPECTIVES<\/strong><\/p>\n<p>le 20 juin 2019 &#8211; retrouvez les enregistrements youtube dans la page \u00ab\u00a0<span style=\"color: #0000ff;\"><a style=\"color: #0000ff;\" href=\"https:\/\/ghamelet.com\/mindfulness\/videos\/\">Vid\u00e9os<\/a><\/span>\u00a0\u00bb des Ressources<\/p>\n<p>Plusieurs de nos membres participent \u00e0 cette rencontre qui se tiendra \u00e0 Paris et sera disponible \u00e9galement en streaming sur le site du minist\u00e8re.<\/p>\n<p>Le d\u00e9veloppement des interventions bas\u00e9es sur la pleine conscience est inscrit dans le Plan Priorit\u00e9 Pr\u00e9vention, dans la feuille de route sant\u00e9 mentale et psychiatrie\u00a0et figure \u00e9galement dans la bo\u00eete \u00e0 outils li\u00e9e \u00e0 l\u2019instruction du 5 juin 2018 relative aux projets territoriaux de sant\u00e9 mentale.<\/p>\n<p>L\u2019exp\u00e9rimentation de la pleine conscience, ou Mindfulness, se r\u00e9f\u00e8re \u00e0 la capacit\u00e9 de porter attention \u00e0 ses pens\u00e9es, \u00e9motions, sensations corporelles ou \u00e0 son environnement, et cela sans jugement d\u2019instant en instant. Comme toute capacit\u00e9 elle est le fruit d\u2019un entrainement encadr\u00e9, permettant de cultiver une qualit\u00e9 de relation \u00e0 soi et aux autres de fa\u00e7on bienveillante, visant \u00e0 r\u00e9pondre de la fa\u00e7on la plus appropri\u00e9e possible plut\u00f4t qu\u2019\u00e0 r\u00e9agir d\u2019une fa\u00e7on automatique aux \u00e9v\u00e8nements de la vie.<\/p>\n<p>De nombreuses \u00e9tudes scientifiques ont d\u00e9montr\u00e9 l\u2019efficacit\u00e9 des interventions bas\u00e9es sur la pleine conscience tant sur la sant\u00e9 mentale que physique, ou encore sur la sant\u00e9 sociale, les comportements prosociaux et le fonctionnement cognitif, les comportements au travail, et ce \u00e0 tous les \u00e2ges de la vie, de la pr\u00e9paration \u00e0 la naissance au bien vieillir. Les interventions bas\u00e9es sur la pleine conscience sont ainsi indiqu\u00e9es dans des situations de stress, de d\u00e9tresse psychologique, et d\u2019autres troubles psychiques, ainsi que dans le cadre de probl\u00e9matiques de sant\u00e9 physique comme la douleur chronique ou la prise en charge du cancer. Elles ont \u00e9galement leur place pour promouvoir un \u00e9tat de bien-\u00eatre, d\u00e9velopper l\u2019intelligence \u00e9motionnelle ou en pr\u00e9vention des troubles psychiques, chez les enfants, les jeunes adultes, les adultes et les personnes \u00e2g\u00e9es.<\/p>\n<p>Cependant, bien qu\u2019indiqu\u00e9es dans un large panel de situations, ces interventions sont encore m\u00e9connues en France dans le domaine des politiques de sant\u00e9 publique. Elles suscitent de nombreuses interrogations quant \u00e0 leur validit\u00e9 scientifique ou font l\u2019objet de fausses repr\u00e9sentations.<\/p>\n<p>Ainsi dans un contexte soci\u00e9tal o\u00f9 la pratique de la pleine conscience est per\u00e7ue comme un effet de mode, o\u00f9 les offres se multiplient et constituent une opportunit\u00e9 de \u00ab business \u00bb et d\u2019instrumentalisation, le colloque propos\u00e9 s\u2019attachera donc \u00e0 pr\u00e9senter un \u00e9tat des lieux du d\u00e9veloppement des interventions bas\u00e9es sur la pleine conscience, \u00e0 mettre en \u00e9vidence les donn\u00e9es scientifiques probantes, \u00e0 questionner les enjeux \u00e9thiques et \u00e0 lever les barri\u00e8res et interrogations sur le sujet.<\/p>\n<p><a href=\"https:\/\/solidarites-sante.gouv.fr\/actualites\/evenements\/article\/interventions-basees-sur-la-pleine-conscience-sciences-sante-et-societe-lever\">EN SAVOIR PLUS<\/a><\/p>\n","protected":false},"excerpt":{"rendered":"<p>&nbsp; INTERVENTIONS BAS\u00c9ES SUR LA PLEINE CONSCIENCE, SCIENCES, SANT\u00c9 ET  [&#8230;]<\/p>\n","protected":false},"author":3,"featured_media":3401,"comment_status":"open","ping_status":"open","sticky":false,"template":"","format":"standard","meta":{"_jetpack_memberships_contains_paid_content":false,"footnotes":""},"categories":[2,9,7,10],"tags":[],"class_list":["post-3294","post","type-post","status-publish","format-standard","has-post-thumbnail","hentry","category-mbsr","category-ressources","category-seminaire","category-temoignages"],"yoast_head":"<!-- This site is optimized with the Yoast SEO plugin v27.4 - https:\/\/yoast.com\/product\/yoast-seo-wordpress\/ -->\n<title>Un colloque organis\u00e9 par le Minist\u00e8re des Solidarit\u00e9s et de la Sant\u00e9 - Genevi\u00e8ve Hamelet<\/title>\n<meta name=\"robots\" content=\"index, follow, max-snippet:-1, max-image-preview:large, max-video-preview:-1\" \/>\n<link rel=\"canonical\" href=\"https:\/\/ghamelet.com\/mindfulness\/un-colloque-organise-par-le-ministere-des-solidarites-et-de-la-sante\/\" \/>\n<meta property=\"og:locale\" content=\"fr_FR\" \/>\n<meta property=\"og:type\" content=\"article\" \/>\n<meta property=\"og:title\" content=\"Un colloque organis\u00e9 par le Minist\u00e8re des Solidarit\u00e9s et de la Sant\u00e9 - Genevi\u00e8ve Hamelet\" \/>\n<meta property=\"og:description\" content=\"&nbsp; INTERVENTIONS BAS\u00c9ES SUR LA PLEINE CONSCIENCE, SCIENCES, SANT\u00c9 ET [...]\" \/>\n<meta property=\"og:url\" content=\"https:\/\/ghamelet.com\/mindfulness\/un-colloque-organise-par-le-ministere-des-solidarites-et-de-la-sante\/\" \/>\n<meta property=\"og:site_name\" content=\"Genevi\u00e8ve Hamelet\" \/>\n<meta property=\"article:published_time\" content=\"2019-06-19T16:20:58+00:00\" \/>\n<meta property=\"article:modified_time\" content=\"2019-07-19T11:45:33+00:00\" \/>\n<meta property=\"og:image\" content=\"https:\/\/ghamelet.com\/mindfulness\/wp-content\/uploads\/2019\/06\/Minist\u00e8re-de-la-sant\u00e9.png\" \/>\n\t<meta property=\"og:image:width\" content=\"640\" \/>\n\t<meta property=\"og:image:height\" content=\"360\" \/>\n\t<meta property=\"og:image:type\" content=\"image\/png\" \/>\n<meta name=\"author\" content=\"Evelyne\" \/>\n<meta name=\"twitter:card\" content=\"summary_large_image\" \/>\n<meta name=\"twitter:label1\" content=\"\u00c9crit par\" \/>\n\t<meta name=\"twitter:data1\" content=\"Evelyne\" \/>\n\t<meta name=\"twitter:label2\" content=\"Dur\u00e9e de lecture estim\u00e9e\" \/>\n\t<meta name=\"twitter:data2\" content=\"2 minutes\" \/>\n<script type=\"application\/ld+json\" class=\"yoast-schema-graph\">{\"@context\":\"https:\\\/\\\/schema.org\",\"@graph\":[{\"@type\":\"Article\",\"@id\":\"https:\\\/\\\/ghamelet.com\\\/mindfulness\\\/un-colloque-organise-par-le-ministere-des-solidarites-et-de-la-sante\\\/#article\",\"isPartOf\":{\"@id\":\"https:\\\/\\\/ghamelet.com\\\/mindfulness\\\/un-colloque-organise-par-le-ministere-des-solidarites-et-de-la-sante\\\/\"},\"author\":{\"name\":\"Evelyne\",\"@id\":\"https:\\\/\\\/ghamelet.com\\\/mindfulness\\\/#\\\/schema\\\/person\\\/a5f82648071a888eb48e43d212412893\"},\"headline\":\"Un colloque organis\u00e9 par le Minist\u00e8re des Solidarit\u00e9s et de la Sant\u00e9\",\"datePublished\":\"2019-06-19T16:20:58+00:00\",\"dateModified\":\"2019-07-19T11:45:33+00:00\",\"mainEntityOfPage\":{\"@id\":\"https:\\\/\\\/ghamelet.com\\\/mindfulness\\\/un-colloque-organise-par-le-ministere-des-solidarites-et-de-la-sante\\\/\"},\"wordCount\":479,\"commentCount\":0,\"image\":{\"@id\":\"https:\\\/\\\/ghamelet.com\\\/mindfulness\\\/un-colloque-organise-par-le-ministere-des-solidarites-et-de-la-sante\\\/#primaryimage\"},\"thumbnailUrl\":\"https:\\\/\\\/ghamelet.com\\\/mindfulness\\\/wp-content\\\/uploads\\\/2019\\\/06\\\/Minist\u00e8re-de-la-sant\u00e9.png\",\"articleSection\":[\"MBSR\",\"Ressources\",\"Seminaire\",\"Temoignages\"],\"inLanguage\":\"fr-FR\"},{\"@type\":\"WebPage\",\"@id\":\"https:\\\/\\\/ghamelet.com\\\/mindfulness\\\/un-colloque-organise-par-le-ministere-des-solidarites-et-de-la-sante\\\/\",\"url\":\"https:\\\/\\\/ghamelet.com\\\/mindfulness\\\/un-colloque-organise-par-le-ministere-des-solidarites-et-de-la-sante\\\/\",\"name\":\"Un colloque organis\u00e9 par le Minist\u00e8re des Solidarit\u00e9s et de la Sant\u00e9 - Genevi\u00e8ve Hamelet\",\"isPartOf\":{\"@id\":\"https:\\\/\\\/ghamelet.com\\\/mindfulness\\\/#website\"},\"primaryImageOfPage\":{\"@id\":\"https:\\\/\\\/ghamelet.com\\\/mindfulness\\\/un-colloque-organise-par-le-ministere-des-solidarites-et-de-la-sante\\\/#primaryimage\"},\"image\":{\"@id\":\"https:\\\/\\\/ghamelet.com\\\/mindfulness\\\/un-colloque-organise-par-le-ministere-des-solidarites-et-de-la-sante\\\/#primaryimage\"},\"thumbnailUrl\":\"https:\\\/\\\/ghamelet.com\\\/mindfulness\\\/wp-content\\\/uploads\\\/2019\\\/06\\\/Minist\u00e8re-de-la-sant\u00e9.png\",\"datePublished\":\"2019-06-19T16:20:58+00:00\",\"dateModified\":\"2019-07-19T11:45:33+00:00\",\"author\":{\"@id\":\"https:\\\/\\\/ghamelet.com\\\/mindfulness\\\/#\\\/schema\\\/person\\\/a5f82648071a888eb48e43d212412893\"},\"breadcrumb\":{\"@id\":\"https:\\\/\\\/ghamelet.com\\\/mindfulness\\\/un-colloque-organise-par-le-ministere-des-solidarites-et-de-la-sante\\\/#breadcrumb\"},\"inLanguage\":\"fr-FR\",\"potentialAction\":[{\"@type\":\"ReadAction\",\"target\":[\"https:\\\/\\\/ghamelet.com\\\/mindfulness\\\/un-colloque-organise-par-le-ministere-des-solidarites-et-de-la-sante\\\/\"]}]},{\"@type\":\"ImageObject\",\"inLanguage\":\"fr-FR\",\"@id\":\"https:\\\/\\\/ghamelet.com\\\/mindfulness\\\/un-colloque-organise-par-le-ministere-des-solidarites-et-de-la-sante\\\/#primaryimage\",\"url\":\"https:\\\/\\\/ghamelet.com\\\/mindfulness\\\/wp-content\\\/uploads\\\/2019\\\/06\\\/Minist\u00e8re-de-la-sant\u00e9.png\",\"contentUrl\":\"https:\\\/\\\/ghamelet.com\\\/mindfulness\\\/wp-content\\\/uploads\\\/2019\\\/06\\\/Minist\u00e8re-de-la-sant\u00e9.png\",\"width\":640,\"height\":360},{\"@type\":\"BreadcrumbList\",\"@id\":\"https:\\\/\\\/ghamelet.com\\\/mindfulness\\\/un-colloque-organise-par-le-ministere-des-solidarites-et-de-la-sante\\\/#breadcrumb\",\"itemListElement\":[{\"@type\":\"ListItem\",\"position\":1,\"name\":\"Accueil\",\"item\":\"https:\\\/\\\/ghamelet.com\\\/mindfulness\\\/\"},{\"@type\":\"ListItem\",\"position\":2,\"name\":\"Un colloque organis\u00e9 par le Minist\u00e8re des Solidarit\u00e9s et de la Sant\u00e9\"}]},{\"@type\":\"WebSite\",\"@id\":\"https:\\\/\\\/ghamelet.com\\\/mindfulness\\\/#website\",\"url\":\"https:\\\/\\\/ghamelet.com\\\/mindfulness\\\/\",\"name\":\"Genevi\u00e8ve Hamelet\",\"description\":\"Mindfulness\",\"potentialAction\":[{\"@type\":\"SearchAction\",\"target\":{\"@type\":\"EntryPoint\",\"urlTemplate\":\"https:\\\/\\\/ghamelet.com\\\/mindfulness\\\/?s={search_term_string}\"},\"query-input\":{\"@type\":\"PropertyValueSpecification\",\"valueRequired\":true,\"valueName\":\"search_term_string\"}}],\"inLanguage\":\"fr-FR\"},{\"@type\":\"Person\",\"@id\":\"https:\\\/\\\/ghamelet.com\\\/mindfulness\\\/#\\\/schema\\\/person\\\/a5f82648071a888eb48e43d212412893\",\"name\":\"Evelyne\",\"image\":{\"@type\":\"ImageObject\",\"inLanguage\":\"fr-FR\",\"@id\":\"https:\\\/\\\/secure.gravatar.com\\\/avatar\\\/b8a585b5435cc513f986c120174a62a539f2309302c664b9497274eab67eb5f1?s=96&d=mm&r=g\",\"url\":\"https:\\\/\\\/secure.gravatar.com\\\/avatar\\\/b8a585b5435cc513f986c120174a62a539f2309302c664b9497274eab67eb5f1?s=96&d=mm&r=g\",\"contentUrl\":\"https:\\\/\\\/secure.gravatar.com\\\/avatar\\\/b8a585b5435cc513f986c120174a62a539f2309302c664b9497274eab67eb5f1?s=96&d=mm&r=g\",\"caption\":\"Evelyne\"},\"url\":\"https:\\\/\\\/ghamelet.com\\\/mindfulness\\\/author\\\/evelyne\\\/\"}]}<\/script>\n<!-- \/ Yoast SEO plugin. -->","yoast_head_json":{"title":"Un colloque organis\u00e9 par le Minist\u00e8re des Solidarit\u00e9s et de la Sant\u00e9 - Genevi\u00e8ve Hamelet","robots":{"index":"index","follow":"follow","max-snippet":"max-snippet:-1","max-image-preview":"max-image-preview:large","max-video-preview":"max-video-preview:-1"},"canonical":"https:\/\/ghamelet.com\/mindfulness\/un-colloque-organise-par-le-ministere-des-solidarites-et-de-la-sante\/","og_locale":"fr_FR","og_type":"article","og_title":"Un colloque organis\u00e9 par le Minist\u00e8re des Solidarit\u00e9s et de la Sant\u00e9 - Genevi\u00e8ve Hamelet","og_description":"&nbsp; INTERVENTIONS BAS\u00c9ES SUR LA PLEINE CONSCIENCE, SCIENCES, SANT\u00c9 ET [...]","og_url":"https:\/\/ghamelet.com\/mindfulness\/un-colloque-organise-par-le-ministere-des-solidarites-et-de-la-sante\/","og_site_name":"Genevi\u00e8ve Hamelet","article_published_time":"2019-06-19T16:20:58+00:00","article_modified_time":"2019-07-19T11:45:33+00:00","og_image":[{"width":640,"height":360,"url":"https:\/\/ghamelet.com\/mindfulness\/wp-content\/uploads\/2019\/06\/Minist\u00e8re-de-la-sant\u00e9.png","type":"image\/png"}],"author":"Evelyne","twitter_card":"summary_large_image","twitter_misc":{"\u00c9crit par":"Evelyne","Dur\u00e9e de lecture estim\u00e9e":"2 minutes"},"schema":{"@context":"https:\/\/schema.org","@graph":[{"@type":"Article","@id":"https:\/\/ghamelet.com\/mindfulness\/un-colloque-organise-par-le-ministere-des-solidarites-et-de-la-sante\/#article","isPartOf":{"@id":"https:\/\/ghamelet.com\/mindfulness\/un-colloque-organise-par-le-ministere-des-solidarites-et-de-la-sante\/"},"author":{"name":"Evelyne","@id":"https:\/\/ghamelet.com\/mindfulness\/#\/schema\/person\/a5f82648071a888eb48e43d212412893"},"headline":"Un colloque organis\u00e9 par le Minist\u00e8re des Solidarit\u00e9s et de la Sant\u00e9","datePublished":"2019-06-19T16:20:58+00:00","dateModified":"2019-07-19T11:45:33+00:00","mainEntityOfPage":{"@id":"https:\/\/ghamelet.com\/mindfulness\/un-colloque-organise-par-le-ministere-des-solidarites-et-de-la-sante\/"},"wordCount":479,"commentCount":0,"image":{"@id":"https:\/\/ghamelet.com\/mindfulness\/un-colloque-organise-par-le-ministere-des-solidarites-et-de-la-sante\/#primaryimage"},"thumbnailUrl":"https:\/\/ghamelet.com\/mindfulness\/wp-content\/uploads\/2019\/06\/Minist\u00e8re-de-la-sant\u00e9.png","articleSection":["MBSR","Ressources","Seminaire","Temoignages"],"inLanguage":"fr-FR"},{"@type":"WebPage","@id":"https:\/\/ghamelet.com\/mindfulness\/un-colloque-organise-par-le-ministere-des-solidarites-et-de-la-sante\/","url":"https:\/\/ghamelet.com\/mindfulness\/un-colloque-organise-par-le-ministere-des-solidarites-et-de-la-sante\/","name":"Un colloque organis\u00e9 par le Minist\u00e8re des Solidarit\u00e9s et de la Sant\u00e9 - Genevi\u00e8ve Hamelet","isPartOf":{"@id":"https:\/\/ghamelet.com\/mindfulness\/#website"},"primaryImageOfPage":{"@id":"https:\/\/ghamelet.com\/mindfulness\/un-colloque-organise-par-le-ministere-des-solidarites-et-de-la-sante\/#primaryimage"},"image":{"@id":"https:\/\/ghamelet.com\/mindfulness\/un-colloque-organise-par-le-ministere-des-solidarites-et-de-la-sante\/#primaryimage"},"thumbnailUrl":"https:\/\/ghamelet.com\/mindfulness\/wp-content\/uploads\/2019\/06\/Minist\u00e8re-de-la-sant\u00e9.png","datePublished":"2019-06-19T16:20:58+00:00","dateModified":"2019-07-19T11:45:33+00:00","author":{"@id":"https:\/\/ghamelet.com\/mindfulness\/#\/schema\/person\/a5f82648071a888eb48e43d212412893"},"breadcrumb":{"@id":"https:\/\/ghamelet.com\/mindfulness\/un-colloque-organise-par-le-ministere-des-solidarites-et-de-la-sante\/#breadcrumb"},"inLanguage":"fr-FR","potentialAction":[{"@type":"ReadAction","target":["https:\/\/ghamelet.com\/mindfulness\/un-colloque-organise-par-le-ministere-des-solidarites-et-de-la-sante\/"]}]},{"@type":"ImageObject","inLanguage":"fr-FR","@id":"https:\/\/ghamelet.com\/mindfulness\/un-colloque-organise-par-le-ministere-des-solidarites-et-de-la-sante\/#primaryimage","url":"https:\/\/ghamelet.com\/mindfulness\/wp-content\/uploads\/2019\/06\/Minist\u00e8re-de-la-sant\u00e9.png","contentUrl":"https:\/\/ghamelet.com\/mindfulness\/wp-content\/uploads\/2019\/06\/Minist\u00e8re-de-la-sant\u00e9.png","width":640,"height":360},{"@type":"BreadcrumbList","@id":"https:\/\/ghamelet.com\/mindfulness\/un-colloque-organise-par-le-ministere-des-solidarites-et-de-la-sante\/#breadcrumb","itemListElement":[{"@type":"ListItem","position":1,"name":"Accueil","item":"https:\/\/ghamelet.com\/mindfulness\/"},{"@type":"ListItem","position":2,"name":"Un colloque organis\u00e9 par le Minist\u00e8re des Solidarit\u00e9s et de la Sant\u00e9"}]},{"@type":"WebSite","@id":"https:\/\/ghamelet.com\/mindfulness\/#website","url":"https:\/\/ghamelet.com\/mindfulness\/","name":"Genevi\u00e8ve Hamelet","description":"Mindfulness","potentialAction":[{"@type":"SearchAction","target":{"@type":"EntryPoint","urlTemplate":"https:\/\/ghamelet.com\/mindfulness\/?s={search_term_string}"},"query-input":{"@type":"PropertyValueSpecification","valueRequired":true,"valueName":"search_term_string"}}],"inLanguage":"fr-FR"},{"@type":"Person","@id":"https:\/\/ghamelet.com\/mindfulness\/#\/schema\/person\/a5f82648071a888eb48e43d212412893","name":"Evelyne","image":{"@type":"ImageObject","inLanguage":"fr-FR","@id":"https:\/\/secure.gravatar.com\/avatar\/b8a585b5435cc513f986c120174a62a539f2309302c664b9497274eab67eb5f1?s=96&d=mm&r=g","url":"https:\/\/secure.gravatar.com\/avatar\/b8a585b5435cc513f986c120174a62a539f2309302c664b9497274eab67eb5f1?s=96&d=mm&r=g","contentUrl":"https:\/\/secure.gravatar.com\/avatar\/b8a585b5435cc513f986c120174a62a539f2309302c664b9497274eab67eb5f1?s=96&d=mm&r=g","caption":"Evelyne"},"url":"https:\/\/ghamelet.com\/mindfulness\/author\/evelyne\/"}]}},"jetpack_featured_media_url":"https:\/\/ghamelet.com\/mindfulness\/wp-content\/uploads\/2019\/06\/Minist\u00e8re-de-la-sant\u00e9.png","jetpack_sharing_enabled":true,"_links":{"self":[{"href":"https:\/\/ghamelet.com\/mindfulness\/wp-json\/wp\/v2\/posts\/3294","targetHints":{"allow":["GET"]}}],"collection":[{"href":"https:\/\/ghamelet.com\/mindfulness\/wp-json\/wp\/v2\/posts"}],"about":[{"href":"https:\/\/ghamelet.com\/mindfulness\/wp-json\/wp\/v2\/types\/post"}],"author":[{"embeddable":true,"href":"https:\/\/ghamelet.com\/mindfulness\/wp-json\/wp\/v2\/users\/3"}],"replies":[{"embeddable":true,"href":"https:\/\/ghamelet.com\/mindfulness\/wp-json\/wp\/v2\/comments?post=3294"}],"version-history":[{"count":6,"href":"https:\/\/ghamelet.com\/mindfulness\/wp-json\/wp\/v2\/posts\/3294\/revisions"}],"predecessor-version":[{"id":4045,"href":"https:\/\/ghamelet.com\/mindfulness\/wp-json\/wp\/v2\/posts\/3294\/revisions\/4045"}],"wp:featuredmedia":[{"embeddable":true,"href":"https:\/\/ghamelet.com\/mindfulness\/wp-json\/wp\/v2\/media\/3401"}],"wp:attachment":[{"href":"https:\/\/ghamelet.com\/mindfulness\/wp-json\/wp\/v2\/media?parent=3294"}],"wp:term":[{"taxonomy":"category","embeddable":true,"href":"https:\/\/ghamelet.com\/mindfulness\/wp-json\/wp\/v2\/categories?post=3294"},{"taxonomy":"post_tag","embeddable":true,"href":"https:\/\/ghamelet.com\/mindfulness\/wp-json\/wp\/v2\/tags?post=3294"}],"curies":[{"name":"wp","href":"https:\/\/api.w.org\/{rel}","templated":true}]}}